{"id":3283,"date":"2025-08-24T09:24:27","date_gmt":"2025-08-24T09:24:27","guid":{"rendered":"https:\/\/aurum22.hr\/?p=3283"},"modified":"2025-08-24T11:50:03","modified_gmt":"2025-08-24T11:50:03","slug":"postavljanje-klima-uredaja-na-fasadi","status":"publish","type":"post","link":"https:\/\/aurum22.hr\/en\/2025\/08\/24\/postavljanje-klima-uredaja-na-fasadi\/","title":{"rendered":"Postavljanje klima ure\u0111aja na fasadi"},"content":{"rendered":"<p>Prema novom <em>Zakonu o upravljanju i odr\u017eavanju zgrada<\/em>, vanjska jedinica klima ure\u0111aja na zgradama vi\u0161e se ne smije postavljati na dio fasade koji je vidljiv s javnih povr\u0161ina. Ovakva odluka je donesena kako bi se sprije\u010dilo daljnje naru\u0161avanje esteske vrijednosti zgrada te kako bi se sa\u010duvao vizualni identitet urbanih sredina, osobito u povijesnim jezgrama gradova.<\/p>\n\n\n\n<p><strong>Nepropisno postavljanje klima ure\u0111aja<\/strong><\/p>\n\n\n\n<p>Na uli\u010dnim pro\u010deljima izgra\u0111enih zgrada ne smiju se postavljati ure\u0111aji za hla\u0111enje, grijanje, obnovljive izvore energije, kao ni cijevi, kabeli i pribor za te ure\u0111aje. Iznimno, navedeni ure\u0111aji mogu se postaviti na balkone, lo\u0111e ili terase na na\u010din <strong>da nisu direktno vidljivi s javne povr\u0161ine.&nbsp;<\/strong><\/p>\n\n\n\n<p>Prema Zakonu o prostornom ure\u0111enju, povr\u0161ina javne namjene je svaka povr\u0161ina \u010dije je kori\u0161tenje namijenjeno svima i pod jednakim uvjetima (javne ceste, nerazvrstane ceste, ulice, biciklisti\u010dke staze, pje\u0161a\u010dke staze i prolazi, trgovi, tr\u017enice, igrali\u0161ta, parkirali\u0161ta, groblja, parkovne i zelene povr\u0161ine u naselju, rekreacijske povr\u0161ine i sl.). Ukoliko je klima ure\u0111aj vidljiv s nekog od navedenih mjesta, nije dopu\u0161teno njegovo postavljanje.<\/p>\n\n\n\n<p><strong>Prijedlozi za postavljanje klima ure\u0111aja&nbsp;<\/strong><\/p>\n\n\n\n<p>Umjesto na fasadi, postoje alternativne opcije za postavljanje klima ure\u0111aja prema novom Zakonu:<\/p>\n\n\n\n<ul class=\"wp-block-list\">\n<li><strong>dvori\u0161no pro\u010delje<\/strong> zgrade, gdje vanjske jedinice nisu vidljive s ulice<\/li>\n\n\n\n<li><strong>krov<\/strong> zgrade, ukoliko vanjska jedinica nije vidljiva s ulice, te ukoliko to dopu\u0161taju tehni\u010dki uvjeti<\/li>\n\n\n\n<li><strong>balkoni, lo\u0111e, terase<\/strong>, pod uvjetom da se vanjska jedinica ne vidi s javne povr\u0161ine<\/li>\n\n\n\n<li>posebno predvi\u0111eni <strong>tehni\u010dki prostori <\/strong>zgrade za smje\u0161taj klima ure\u0111aja kod novogradnji<\/li>\n\n\n\n<li>vizualne prepreke i zelenilo, ukoliko drugim na\u010dinima nije mogu\u0107e sakriti ure\u0111aj.<\/li>\n<\/ul>\n\n\n\n<p><\/p>\n\n\n\n<p><strong>Postoje\u0107i klima ure\u0111aji<\/strong><\/p>\n\n\n\n<p>Ukoliko je klima ure\u0111aj ve\u0107 instaliran, ne\u0107e morati biti uklonjen, ali ne\u0107e biti ni dopu\u0161tena njegova ponovna monta\u017ea na istu lokaciju. Ukoliko se ure\u0111aj mora demontirati kod popravka ure\u0111aja ili radova na pro\u010delju, ponovno se mo\u017ee postaviti na novu lokaciju prema propisanim uvjetima.<\/p>\n\n\n\n<p>Za nepropisno postavljen klima ure\u0111aj na zgradama, predvi\u0111ene su visoke nov\u010dane kazne. Preporu\u010damo konzultaciju sa stru\u010dnim osobama i izvo\u0111a\u010dima radova kako biste prona\u0161li optimalno rje\u0161enje za va\u0161u situaciju.<\/p>","protected":false},"excerpt":{"rendered":"<p>Prema novom Zakonu o upravljanju i odr\u017eavanju zgrada, vanjska jedinica klima ure\u0111aja na zgradama vi\u0161e se ne smije postavljati na dio fasade koji je vidljiv s javnih povr\u0161ina. Ovakva odluka je donesena kako bi se sprije\u010dilo daljnje naru\u0161avanje esteske vrijednosti zgrada te kako bi se sa\u010duvao vizualni identitet urbanih sredina, osobito u povijesnim jezgrama gradova.<\/p>","protected":false},"author":1,"featured_media":3389,"comment_status":"closed","ping_status":"closed","sticky":false,"template":"","format":"standard","meta":{"footnotes":""},"categories":[78,89,86],"tags":[],"class_list":["post-3283","post","type-post","status-publish","format-standard","has-post-thumbnail","hentry","category-energetska-obnova","category-fasada","category-instalacije"],"yoast_head":"<!-- This site is optimized with the Yoast SEO plugin v27.4 - https:\/\/yoast.com\/product\/yoast-seo-wordpress\/ -->\n<title>Postavljanje klima ure\u0111aja na fasadi - Aurum22<\/title>\n<meta name=\"robots\" content=\"index, follow, max-snippet:-1, max-image-preview:large, max-video-preview:-1\" \/>\n<link rel=\"canonical\" href=\"https:\/\/aurum22.hr\/en\/2025\/08\/24\/postavljanje-klima-uredaja-na-fasadi\/\" \/>\n<meta property=\"og:locale\" content=\"en_US\" \/>\n<meta property=\"og:type\" content=\"article\" \/>\n<meta property=\"og:title\" content=\"Postavljanje klima ure\u0111aja na fasadi - Aurum22\" \/>\n<meta property=\"og:description\" content=\"Prema novom Zakonu o upravljanju i odr\u017eavanju zgrada, vanjska jedinica klima ure\u0111aja na zgradama vi\u0161e se ne smije postavljati na dio fasade koji je vidljiv s javnih povr\u0161ina. Ovakva odluka je donesena kako bi se sprije\u010dilo daljnje naru\u0161avanje esteske vrijednosti zgrada te kako bi se sa\u010duvao vizualni identitet urbanih sredina, osobito u povijesnim jezgrama gradova.\" \/>\n<meta property=\"og:url\" content=\"https:\/\/aurum22.hr\/en\/2025\/08\/24\/postavljanje-klima-uredaja-na-fasadi\/\" \/>\n<meta property=\"og:site_name\" content=\"Aurum22\" \/>\n<meta property=\"article:published_time\" content=\"2025-08-24T09:24:27+00:00\" \/>\n<meta property=\"article:modified_time\" content=\"2025-08-24T11:50:03+00:00\" \/>\n<meta property=\"og:image\" content=\"https:\/\/aurum22.hr\/wp-content\/uploads\/2025\/08\/aboodi-vesakaran-n_i-VRvBxM0-unsplash.webp\" \/>\n\t<meta property=\"og:image:width\" content=\"1900\" \/>\n\t<meta property=\"og:image:height\" content=\"1900\" \/>\n\t<meta property=\"og:image:type\" content=\"image\/webp\" \/>\n<meta name=\"author\" content=\"admin\" \/>\n<meta name=\"twitter:card\" content=\"summary_large_image\" \/>\n<script type=\"application\/ld+json\" class=\"yoast-schema-graph\">{\"@context\":\"https:\\\/\\\/schema.org\",\"@graph\":[{\"@type\":\"Article\",\"@id\":\"https:\\\/\\\/aurum22.hr\\\/hr\\\/2025\\\/08\\\/24\\\/postavljanje-klima-uredaja-na-fasadi\\\/#article\",\"isPartOf\":{\"@id\":\"https:\\\/\\\/aurum22.hr\\\/hr\\\/2025\\\/08\\\/24\\\/postavljanje-klima-uredaja-na-fasadi\\\/\"},\"author\":{\"name\":\"admin\",\"@id\":\"https:\\\/\\\/aurum22.hr\\\/hr\\\/#\\\/schema\\\/person\\\/21a29cd4c3c7aa6da3fb0d36eb36822d\"},\"headline\":\"Postavljanje klima ure\u0111aja na fasadi\",\"datePublished\":\"2025-08-24T09:24:27+00:00\",\"dateModified\":\"2025-08-24T11:50:03+00:00\",\"mainEntityOfPage\":{\"@id\":\"https:\\\/\\\/aurum22.hr\\\/hr\\\/2025\\\/08\\\/24\\\/postavljanje-klima-uredaja-na-fasadi\\\/\"},\"wordCount\":393,\"publisher\":{\"@id\":\"https:\\\/\\\/aurum22.hr\\\/hr\\\/#organization\"},\"image\":{\"@id\":\"https:\\\/\\\/aurum22.hr\\\/hr\\\/2025\\\/08\\\/24\\\/postavljanje-klima-uredaja-na-fasadi\\\/#primaryimage\"},\"thumbnailUrl\":\"https:\\\/\\\/aurum22.hr\\\/wp-content\\\/uploads\\\/2025\\\/08\\\/aboodi-vesakaran-n_i-VRvBxM0-unsplash.webp\",\"articleSection\":[\"Energetska obnova\",\"Fasada\",\"Instalacije\"],\"inLanguage\":\"en-US\"},{\"@type\":\"WebPage\",\"@id\":\"https:\\\/\\\/aurum22.hr\\\/hr\\\/2025\\\/08\\\/24\\\/postavljanje-klima-uredaja-na-fasadi\\\/\",\"url\":\"https:\\\/\\\/aurum22.hr\\\/hr\\\/2025\\\/08\\\/24\\\/postavljanje-klima-uredaja-na-fasadi\\\/\",\"name\":\"Postavljanje klima ure\u0111aja na fasadi - Aurum22\",\"isPartOf\":{\"@id\":\"https:\\\/\\\/aurum22.hr\\\/hr\\\/#website\"},\"primaryImageOfPage\":{\"@id\":\"https:\\\/\\\/aurum22.hr\\\/hr\\\/2025\\\/08\\\/24\\\/postavljanje-klima-uredaja-na-fasadi\\\/#primaryimage\"},\"image\":{\"@id\":\"https:\\\/\\\/aurum22.hr\\\/hr\\\/2025\\\/08\\\/24\\\/postavljanje-klima-uredaja-na-fasadi\\\/#primaryimage\"},\"thumbnailUrl\":\"https:\\\/\\\/aurum22.hr\\\/wp-content\\\/uploads\\\/2025\\\/08\\\/aboodi-vesakaran-n_i-VRvBxM0-unsplash.webp\",\"datePublished\":\"2025-08-24T09:24:27+00:00\",\"dateModified\":\"2025-08-24T11:50:03+00:00\",\"breadcrumb\":{\"@id\":\"https:\\\/\\\/aurum22.hr\\\/hr\\\/2025\\\/08\\\/24\\\/postavljanje-klima-uredaja-na-fasadi\\\/#breadcrumb\"},\"inLanguage\":\"en-US\",\"potentialAction\":[{\"@type\":\"ReadAction\",\"target\":[\"https:\\\/\\\/aurum22.hr\\\/hr\\\/2025\\\/08\\\/24\\\/postavljanje-klima-uredaja-na-fasadi\\\/\"]}]},{\"@type\":\"ImageObject\",\"inLanguage\":\"en-US\",\"@id\":\"https:\\\/\\\/aurum22.hr\\\/hr\\\/2025\\\/08\\\/24\\\/postavljanje-klima-uredaja-na-fasadi\\\/#primaryimage\",\"url\":\"https:\\\/\\\/aurum22.hr\\\/wp-content\\\/uploads\\\/2025\\\/08\\\/aboodi-vesakaran-n_i-VRvBxM0-unsplash.webp\",\"contentUrl\":\"https:\\\/\\\/aurum22.hr\\\/wp-content\\\/uploads\\\/2025\\\/08\\\/aboodi-vesakaran-n_i-VRvBxM0-unsplash.webp\",\"width\":1900,\"height\":1900},{\"@type\":\"BreadcrumbList\",\"@id\":\"https:\\\/\\\/aurum22.hr\\\/hr\\\/2025\\\/08\\\/24\\\/postavljanje-klima-uredaja-na-fasadi\\\/#breadcrumb\",\"itemListElement\":[{\"@type\":\"ListItem\",\"position\":1,\"name\":\"Home\",\"item\":\"https:\\\/\\\/aurum22.hr\\\/hr\\\/\"},{\"@type\":\"ListItem\",\"position\":2,\"name\":\"Postavljanje klima ure\u0111aja na fasadi\"}]},{\"@type\":\"WebSite\",\"@id\":\"https:\\\/\\\/aurum22.hr\\\/hr\\\/#website\",\"url\":\"https:\\\/\\\/aurum22.hr\\\/hr\\\/\",\"name\":\"Aurum22\",\"description\":\"Specijalisti za unutarnje radove\",\"publisher\":{\"@id\":\"https:\\\/\\\/aurum22.hr\\\/hr\\\/#organization\"},\"potentialAction\":[{\"@type\":\"SearchAction\",\"target\":{\"@type\":\"EntryPoint\",\"urlTemplate\":\"https:\\\/\\\/aurum22.hr\\\/hr\\\/?s={search_term_string}\"},\"query-input\":{\"@type\":\"PropertyValueSpecification\",\"valueRequired\":true,\"valueName\":\"search_term_string\"}}],\"inLanguage\":\"en-US\"},{\"@type\":\"Organization\",\"@id\":\"https:\\\/\\\/aurum22.hr\\\/hr\\\/#organization\",\"name\":\"Aurum22\",\"url\":\"https:\\\/\\\/aurum22.hr\\\/hr\\\/\",\"logo\":{\"@type\":\"ImageObject\",\"inLanguage\":\"en-US\",\"@id\":\"https:\\\/\\\/aurum22.hr\\\/hr\\\/#\\\/schema\\\/logo\\\/image\\\/\",\"url\":\"https:\\\/\\\/aurum22.hr\\\/wp-content\\\/uploads\\\/2024\\\/11\\\/logo_contact.svg\",\"contentUrl\":\"https:\\\/\\\/aurum22.hr\\\/wp-content\\\/uploads\\\/2024\\\/11\\\/logo_contact.svg\",\"width\":311,\"height\":106,\"caption\":\"Aurum22\"},\"image\":{\"@id\":\"https:\\\/\\\/aurum22.hr\\\/hr\\\/#\\\/schema\\\/logo\\\/image\\\/\"}},{\"@type\":\"Person\",\"@id\":\"https:\\\/\\\/aurum22.hr\\\/hr\\\/#\\\/schema\\\/person\\\/21a29cd4c3c7aa6da3fb0d36eb36822d\",\"name\":\"admin\",\"sameAs\":[\"https:\\\/\\\/aurum22.hr\"],\"url\":\"https:\\\/\\\/aurum22.hr\\\/en\\\/author\\\/auruministrator22\\\/\"}]}<\/script>\n<!-- \/ Yoast SEO plugin. -->","yoast_head_json":{"title":"Postavljanje klima ure\u0111aja na fasadi - Aurum22","robots":{"index":"index","follow":"follow","max-snippet":"max-snippet:-1","max-image-preview":"max-image-preview:large","max-video-preview":"max-video-preview:-1"},"canonical":"https:\/\/aurum22.hr\/en\/2025\/08\/24\/postavljanje-klima-uredaja-na-fasadi\/","og_locale":"en_US","og_type":"article","og_title":"Postavljanje klima ure\u0111aja na fasadi - Aurum22","og_description":"Prema novom Zakonu o upravljanju i odr\u017eavanju zgrada, vanjska jedinica klima ure\u0111aja na zgradama vi\u0161e se ne smije postavljati na dio fasade koji je vidljiv s javnih povr\u0161ina. Ovakva odluka je donesena kako bi se sprije\u010dilo daljnje naru\u0161avanje esteske vrijednosti zgrada te kako bi se sa\u010duvao vizualni identitet urbanih sredina, osobito u povijesnim jezgrama gradova.","og_url":"https:\/\/aurum22.hr\/en\/2025\/08\/24\/postavljanje-klima-uredaja-na-fasadi\/","og_site_name":"Aurum22","article_published_time":"2025-08-24T09:24:27+00:00","article_modified_time":"2025-08-24T11:50:03+00:00","og_image":[{"url":"https:\/\/aurum22.hr\/wp-content\/uploads\/2025\/08\/aboodi-vesakaran-n_i-VRvBxM0-unsplash.webp","width":1900,"height":1900,"type":"image\/webp"}],"author":"admin","twitter_card":"summary_large_image","schema":{"@context":"https:\/\/schema.org","@graph":[{"@type":"Article","@id":"https:\/\/aurum22.hr\/hr\/2025\/08\/24\/postavljanje-klima-uredaja-na-fasadi\/#article","isPartOf":{"@id":"https:\/\/aurum22.hr\/hr\/2025\/08\/24\/postavljanje-klima-uredaja-na-fasadi\/"},"author":{"name":"admin","@id":"https:\/\/aurum22.hr\/hr\/#\/schema\/person\/21a29cd4c3c7aa6da3fb0d36eb36822d"},"headline":"Postavljanje klima ure\u0111aja na fasadi","datePublished":"2025-08-24T09:24:27+00:00","dateModified":"2025-08-24T11:50:03+00:00","mainEntityOfPage":{"@id":"https:\/\/aurum22.hr\/hr\/2025\/08\/24\/postavljanje-klima-uredaja-na-fasadi\/"},"wordCount":393,"publisher":{"@id":"https:\/\/aurum22.hr\/hr\/#organization"},"image":{"@id":"https:\/\/aurum22.hr\/hr\/2025\/08\/24\/postavljanje-klima-uredaja-na-fasadi\/#primaryimage"},"thumbnailUrl":"https:\/\/aurum22.hr\/wp-content\/uploads\/2025\/08\/aboodi-vesakaran-n_i-VRvBxM0-unsplash.webp","articleSection":["Energetska obnova","Fasada","Instalacije"],"inLanguage":"en-US"},{"@type":"WebPage","@id":"https:\/\/aurum22.hr\/hr\/2025\/08\/24\/postavljanje-klima-uredaja-na-fasadi\/","url":"https:\/\/aurum22.hr\/hr\/2025\/08\/24\/postavljanje-klima-uredaja-na-fasadi\/","name":"Postavljanje klima ure\u0111aja na fasadi - Aurum22","isPartOf":{"@id":"https:\/\/aurum22.hr\/hr\/#website"},"primaryImageOfPage":{"@id":"https:\/\/aurum22.hr\/hr\/2025\/08\/24\/postavljanje-klima-uredaja-na-fasadi\/#primaryimage"},"image":{"@id":"https:\/\/aurum22.hr\/hr\/2025\/08\/24\/postavljanje-klima-uredaja-na-fasadi\/#primaryimage"},"thumbnailUrl":"https:\/\/aurum22.hr\/wp-content\/uploads\/2025\/08\/aboodi-vesakaran-n_i-VRvBxM0-unsplash.webp","datePublished":"2025-08-24T09:24:27+00:00","dateModified":"2025-08-24T11:50:03+00:00","breadcrumb":{"@id":"https:\/\/aurum22.hr\/hr\/2025\/08\/24\/postavljanje-klima-uredaja-na-fasadi\/#breadcrumb"},"inLanguage":"en-US","potentialAction":[{"@type":"ReadAction","target":["https:\/\/aurum22.hr\/hr\/2025\/08\/24\/postavljanje-klima-uredaja-na-fasadi\/"]}]},{"@type":"ImageObject","inLanguage":"en-US","@id":"https:\/\/aurum22.hr\/hr\/2025\/08\/24\/postavljanje-klima-uredaja-na-fasadi\/#primaryimage","url":"https:\/\/aurum22.hr\/wp-content\/uploads\/2025\/08\/aboodi-vesakaran-n_i-VRvBxM0-unsplash.webp","contentUrl":"https:\/\/aurum22.hr\/wp-content\/uploads\/2025\/08\/aboodi-vesakaran-n_i-VRvBxM0-unsplash.webp","width":1900,"height":1900},{"@type":"BreadcrumbList","@id":"https:\/\/aurum22.hr\/hr\/2025\/08\/24\/postavljanje-klima-uredaja-na-fasadi\/#breadcrumb","itemListElement":[{"@type":"ListItem","position":1,"name":"Home","item":"https:\/\/aurum22.hr\/hr\/"},{"@type":"ListItem","position":2,"name":"Postavljanje klima ure\u0111aja na fasadi"}]},{"@type":"WebSite","@id":"https:\/\/aurum22.hr\/hr\/#website","url":"https:\/\/aurum22.hr\/hr\/","name":"Aurum22","description":"Specijalisti za unutarnje radove","publisher":{"@id":"https:\/\/aurum22.hr\/hr\/#organization"},"potentialAction":[{"@type":"SearchAction","target":{"@type":"EntryPoint","urlTemplate":"https:\/\/aurum22.hr\/hr\/?s={search_term_string}"},"query-input":{"@type":"PropertyValueSpecification","valueRequired":true,"valueName":"search_term_string"}}],"inLanguage":"en-US"},{"@type":"Organization","@id":"https:\/\/aurum22.hr\/hr\/#organization","name":"Aurum22","url":"https:\/\/aurum22.hr\/hr\/","logo":{"@type":"ImageObject","inLanguage":"en-US","@id":"https:\/\/aurum22.hr\/hr\/#\/schema\/logo\/image\/","url":"https:\/\/aurum22.hr\/wp-content\/uploads\/2024\/11\/logo_contact.svg","contentUrl":"https:\/\/aurum22.hr\/wp-content\/uploads\/2024\/11\/logo_contact.svg","width":311,"height":106,"caption":"Aurum22"},"image":{"@id":"https:\/\/aurum22.hr\/hr\/#\/schema\/logo\/image\/"}},{"@type":"Person","@id":"https:\/\/aurum22.hr\/hr\/#\/schema\/person\/21a29cd4c3c7aa6da3fb0d36eb36822d","name":"admin","sameAs":["https:\/\/aurum22.hr"],"url":"https:\/\/aurum22.hr\/en\/author\/auruministrator22\/"}]}},"_links":{"self":[{"href":"https:\/\/aurum22.hr\/en\/wp-json\/wp\/v2\/posts\/3283","targetHints":{"allow":["GET"]}}],"collection":[{"href":"https:\/\/aurum22.hr\/en\/wp-json\/wp\/v2\/posts"}],"about":[{"href":"https:\/\/aurum22.hr\/en\/wp-json\/wp\/v2\/types\/post"}],"author":[{"embeddable":true,"href":"https:\/\/aurum22.hr\/en\/wp-json\/wp\/v2\/users\/1"}],"replies":[{"embeddable":true,"href":"https:\/\/aurum22.hr\/en\/wp-json\/wp\/v2\/comments?post=3283"}],"version-history":[{"count":0,"href":"https:\/\/aurum22.hr\/en\/wp-json\/wp\/v2\/posts\/3283\/revisions"}],"wp:featuredmedia":[{"embeddable":true,"href":"https:\/\/aurum22.hr\/en\/wp-json\/wp\/v2\/media\/3389"}],"wp:attachment":[{"href":"https:\/\/aurum22.hr\/en\/wp-json\/wp\/v2\/media?parent=3283"}],"wp:term":[{"taxonomy":"category","embeddable":true,"href":"https:\/\/aurum22.hr\/en\/wp-json\/wp\/v2\/categories?post=3283"},{"taxonomy":"post_tag","embeddable":true,"href":"https:\/\/aurum22.hr\/en\/wp-json\/wp\/v2\/tags?post=3283"}],"curies":[{"name":"wp","href":"https:\/\/api.w.org\/{rel}","templated":true}]}}